{"id":3302,"date":"2020-12-22T09:31:46","date_gmt":"2020-12-22T08:31:46","guid":{"rendered":"https:\/\/www.ts-law.de\/gewerbemietrecht-bundestag-beschliesst-gesetzliche-vermutung-der-stoerung-der-geschaeftsgrundlage-bei-coronabedingten-schliessungen\/"},"modified":"2020-12-22T09:31:46","modified_gmt":"2020-12-22T08:31:46","slug":"gewerbemietrecht-bundestag-beschliesst-gesetzliche-vermutung-der-stoerung-der-geschaeftsgrundlage-bei-coronabedingten-schliessungen","status":"publish","type":"post","link":"https:\/\/www.ts-law.de\/en\/gewerbemietrecht-bundestag-beschliesst-gesetzliche-vermutung-der-stoerung-der-geschaeftsgrundlage-bei-coronabedingten-schliessungen\/","title":{"rendered":"Gewerbemietrecht: Bundestag beschlie\u00dft gesetzliche Vermutung der St\u00f6rung der Gesch\u00e4ftsgrundlage bei coronabedingten Schlie\u00dfungen"},"content":{"rendered":"<div class=\"wpb-content-wrapper\"><p>[vc_row css_animation=&#8221;&#8221; row_type=&#8221;row&#8221; use_row_as_full_screen_section=&#8221;no&#8221; type=&#8221;full_width&#8221; angled_section=&#8221;no&#8221; text_align=&#8221;left&#8221; background_image_as_pattern=&#8221;without_pattern&#8221; z_index=&#8221;&#8221; padding_bottom=&#8221;60&#8243;][vc_column offset=&#8221;vc_col-lg-offset-3 vc_col-lg-6 vc_col-md-offset-3 vc_col-md-6&#8243;][vc_column_text]Der Bundestag hat am 17.12.2020 die bereits angek\u00fcndigte Neuregelung im Gewerberaummietrecht beschlossen.<\/p>\n<p>F\u00fcr Gewerbemietverh\u00e4ltnisse wird k\u00fcnftig <strong>widerleglich vermutet<\/strong>, dass staatliche Ma\u00dfnahmen zur Bek\u00e4mpfung der COVID-19-Pandemie einen Umstand im Sinne von \u00a7 313 BGB darstellen, der zu einer Anpassung des Mietvertrages unter dem Gesichtspunkt einer <strong>St\u00f6rung der Gesch\u00e4ftsgrundlage<\/strong> f\u00fchren kann.<\/p>\n<p>Voraussetzung ist eine staatliche Ma\u00dfnahme zur Bek\u00e4mpfung der COVID-19-Pandemie, die die Verwendbarkeit der Mietsache f\u00fcr den Betrieb des Gewerbemieters erheblich einschr\u00e4nkt. Dies sind insbesondere pandemiebedingte Schlie\u00dfungsanordnungen. Als Rechtsfolge schafft die Regelung eine tats\u00e4chliche Vermutung, dass sich ein Umstand im Sinne des \u00a7 313 Abs. 1 BGB, der zur Gesch\u00e4ftsgrundlage des Gewerbemietvertrags geworden ist, nach Vertragsschluss schwerwiegend ver\u00e4ndert hat. Diese Vermutung ist <strong>widerleglich<\/strong>. Dies gilt zum Beispiel in F\u00e4llen, in denen der Gewerbemietvertrag zu einem Zeitpunkt geschlossen wurde, in dem eine pandemieartige Ausbreitung des Coronavirus SARS-CoV-2 in der breiten \u00d6ffentlichkeit bereits absehbar war.<\/p>\n<p>Die weiteren Merkmale des \u00a7 313 Abs. 1 BGB bleiben hiervon unber\u00fchrt. Sie m\u00fcssen im Streitfall vom Gewerbemieter <strong>dargelegt<\/strong> und <strong>bewiesen<\/strong> werden. Auch wird zu ber\u00fccksichtigen sein, ob der Gewerbemieter \u00f6ffentliche oder sonstige Zusch\u00fcsse erhalten hat, mit denen er die Umsatzausf\u00e4lle infolge staatlicher Beschr\u00e4nkungen jedenfalls teilweise kompensieren kann, und ob er Aufwendungen erspart hat, weil er etwa Kurzarbeit angemeldet hat oder der Wareneinkauf weggefallen ist. Entscheidend sind die Umst\u00e4nde des Einzelfalls. \u00a7 313 BGB gew\u00e4hrt keine \u00dcberkompensation.<\/p>\n<p>Auch bleibt durch die Neuregelung die Rechtsfolge des \u00a7 313 Abs. 1 BGB unber\u00fchrt. <strong>Vertragsanpassung<\/strong> kann nur im <strong>angemessenen<\/strong> Umfang begehrt werden. Es h\u00e4ngt daher vom Einzelfall ab, was der Gewerbemieter f\u00fcr den Zeitraum, in dem sein Gewerbebetrieb von einer staatlichen Ma\u00dfnahme betroffen ist, in Bezug auf das Gewerbemietverh\u00e4ltnis beanspruchen kann.<\/p>\n<p>Das vom Bundestag beschlossene Gesetz sieht vor, dass Gewerbemietprozesse im Zusammenhang mit coronabedingten Beschr\u00e4nkungen oder Schlie\u00dfungen <strong>vorrangig und beschleunigt<\/strong> behandelt werden sollen. Gem\u00e4\u00df neu eingef\u00fchrtem \u00a7 44 Abs. 2 EGZPO soll in diesen Verfahren ein fr\u00fcher erster Termin sp\u00e4testens einen Monat nach Zustellung der Klageschrift stattfinden.<\/p>\n<p>Die Neuregelungen, <strong>die erst mit der Verk\u00fcndung im Bundesgesetzblatt Inkrafttreten werden<\/strong>, lauten:<\/p>\n<p><strong>Art. 249 EGBGB \u2013 \u00a7 7 St\u00f6rung der Gesch\u00e4ftsgrundlage von Miet- und Pachtvertr\u00e4gen<\/strong><\/p>\n<p>(1) Sind vermietete Grundst\u00fccke oder vermietete R\u00e4ume, die keine Wohnr\u00e4ume sind, infolge staatlicher Ma\u00dfnahmen zur Bek\u00e4mpfung der COVID-19-Pandemie f\u00fcr den Betrieb des Mieters nicht oder nur mit erheblicher Einschr\u00e4nkung verwendbar, so wird vermutet, dass sich insofern ein Umstand im Sinne des \u00a7 313 Absatz 1 des B\u00fcrgerlichen Gesetzbuchs, der zur Grundlage des Mietvertrags geworden ist, nach Vertragsschluss schwerwiegend ver\u00e4ndert hat.<\/p>\n<p>(2) Absatz 1 ist auf Pachtvertr\u00e4ge entsprechend anzuwenden.<\/p>\n<p><strong>\u00a7 44 EGZPO Vorrang- und Beschleunigungsgebot<\/strong><\/p>\n<p>(1) Verfahren \u00fcber die Anpassung der Miete oder Pacht f\u00fcr Grundst\u00fccke oder R\u00e4ume, die keine Wohnr\u00e4ume sind, wegen staatlicher Ma\u00dfnahmen zur Bek\u00e4mpfung der COVID-19-Pandemie sind vorrangig und beschleunigt zu behandeln.<\/p>\n<p>(2) In Verfahren nach Absatz 1 soll ein fr\u00fcher erster Termin sp\u00e4testens einen Monat nach Zustellung der Klageschrift stattfinden.[\/vc_column_text][\/vc_column][\/vc_row][vc_row css_animation=&#8221;&#8221; row_type=&#8221;row&#8221; use_row_as_full_screen_section=&#8221;no&#8221; type=&#8221;full_width&#8221; angled_section=&#8221;no&#8221; text_align=&#8221;left&#8221; background_image_as_pattern=&#8221;without_pattern&#8221;][vc_column]<div class=\"templatera_shortcode\"><div      class=\"vc_row wpb_row section vc_row-fluid  grid_section\" style=' padding-bottom:60px; text-align:center;'><div class=\" section_inner clearfix\"><div class='section_inner_margin clearfix'><div class=\"wpb_column vc_column_container vc_col-sm-12\"><div class=\"vc_column-inner\"><div class=\"wpb_wrapper\"><a  itemprop=\"url\" href=\"\/kanzlei\/tsp-news\/\" target=\"_self\"  class=\"qbutton  center default\" style=\"\">Alle News<\/a><\/div><\/div><\/div><\/div><\/div><\/div><\/div>[\/vc_column][\/vc_row]<\/p>\n<\/div>","protected":false},"excerpt":{"rendered":"<p>Der Bundestag hat am 17.12.2020 die bereits angek\u00fcndigte Neuregelung im Gewerberaummietrecht beschlossen. F\u00fcr Gewerbemietverh\u00e4ltnisse wird k\u00fcnftig widerleglich vermutet, dass staatliche Ma\u00dfnahmen zur Bek\u00e4mpfung der COVID-19-Pandemie einen Umstand im Sinne von \u00a7 313 BGB darstellen, der zu einer Anpassung des Mietvertrages unter dem Gesichtspunkt einer St\u00f6rung der Gesch\u00e4ftsgrundlage f\u00fchren kann.<\/p>\n","protected":false},"author":541,"featured_media":2979,"comment_status":"open","ping_status":"open","sticky":false,"template":"","format":"standard","meta":{"_acf_changed":false,"footnotes":""},"categories":[68],"tags":[],"sp_smart_badges":[],"class_list":["post-3302","post","type-post","status-publish","format-standard","has-post-thumbnail","hentry","category-news-en"],"acf":[],"_links":{"self":[{"href":"https:\/\/www.ts-law.de\/en\/wp-json\/wp\/v2\/posts\/3302","targetHints":{"allow":["GET"]}}],"collection":[{"href":"https:\/\/www.ts-law.de\/en\/wp-json\/wp\/v2\/posts"}],"about":[{"href":"https:\/\/www.ts-law.de\/en\/wp-json\/wp\/v2\/types\/post"}],"author":[{"embeddable":true,"href":"https:\/\/www.ts-law.de\/en\/wp-json\/wp\/v2\/users\/541"}],"replies":[{"embeddable":true,"href":"https:\/\/www.ts-law.de\/en\/wp-json\/wp\/v2\/comments?post=3302"}],"version-history":[{"count":0,"href":"https:\/\/www.ts-law.de\/en\/wp-json\/wp\/v2\/posts\/3302\/revisions"}],"wp:featuredmedia":[{"embeddable":true,"href":"https:\/\/www.ts-law.de\/en\/wp-json\/wp\/v2\/media\/2979"}],"wp:attachment":[{"href":"https:\/\/www.ts-law.de\/en\/wp-json\/wp\/v2\/media?parent=3302"}],"wp:term":[{"taxonomy":"category","embeddable":true,"href":"https:\/\/www.ts-law.de\/en\/wp-json\/wp\/v2\/categories?post=3302"},{"taxonomy":"post_tag","embeddable":true,"href":"https:\/\/www.ts-law.de\/en\/wp-json\/wp\/v2\/tags?post=3302"},{"taxonomy":"sp_smart_badges","embeddable":true,"href":"https:\/\/www.ts-law.de\/en\/wp-json\/wp\/v2\/sp_smart_badges?post=3302"}],"curies":[{"name":"wp","href":"https:\/\/api.w.org\/{rel}","templated":true}]}}