{"id":4471,"date":"2025-10-01T09:43:20","date_gmt":"2025-10-01T07:43:20","guid":{"rendered":"https:\/\/www.ts-law.de\/sondervermoegen-fuer-infrastruktur-und-klimaneutralitaet\/"},"modified":"2025-10-01T09:43:20","modified_gmt":"2025-10-01T07:43:20","slug":"sondervermoegen-fuer-infrastruktur-und-klimaneutralitaet","status":"publish","type":"post","link":"https:\/\/www.ts-law.de\/en\/sondervermoegen-fuer-infrastruktur-und-klimaneutralitaet\/","title":{"rendered":"Sonderverm\u00f6gen f\u00fcr Infrastruktur und Klimaneutralit\u00e4t"},"content":{"rendered":"<div class=\"wpb-content-wrapper\"><p>[vc_row css_animation=&#8221;&#8221; row_type=&#8221;row&#8221; use_row_as_full_screen_section=&#8221;no&#8221; type=&#8221;full_width&#8221; angled_section=&#8221;no&#8221; text_align=&#8221;left&#8221; background_image_as_pattern=&#8221;without_pattern&#8221;][vc_column offset=&#8221;vc_col-lg-offset-3 vc_col-lg-6 vc_col-md-offset-3 vc_col-md-6&#8243;][vc_column_text css=&#8221;&#8221;]Nachdem das Bundeskabinett am 24. Juni 2025 ein Sonderverm\u00f6gen von \u00fcber 500 Milliarden Euro f\u00fcr zus\u00e4tzliche kreditfinanzierte Investitionen in die Infrastruktur und zur Erreichung der Klimaneutralit\u00e4t bis zum Jahr 2045 beschlossen hatte, verabschiedete der Bundestag nun am 18. September 2025 das entsprechende Gesetz. Mit der Ver\u00f6ffentlichung im Bundesgesetzblatt am 2. Oktober tritt das Sonderverm\u00f6gen nun r\u00fcckwirkend zum 1. Januar 2025 in Kraft. Bereits f\u00fcr das Jahr 2025 sind massive Ausgaben f\u00fcr Investitionen aus dem reinen Bundesanteil des Sonderverm\u00f6gens vorgesehen. Das Sonderverm\u00f6gen umfasst drei S\u00e4ulen: 100 Milliarden Euro flie\u00dfen an die L\u00e4nder und Kommunen. Weitere 100 Milliarden Euro stehen f\u00fcr Investitionen des Klima- und Transformationsfonds (KTF) bereit. Der Bund kann f\u00fcr zus\u00e4tzliche Investitionen auf 300 Milliarden Euro zur\u00fcckgreifen. Die Mittel aus dem Sonderverm\u00f6gen k\u00f6nnen innerhalb einer Laufzeit von zw\u00f6lf Jahren bewilligt werden. Das Gesetz finden Sie <a href=\"https:\/\/www.gesetze-im-internet.de\/svikg\/BJNR0E60A0025.html\" target=\"_blank\" rel=\"noopener\">hier<\/a>.[\/vc_column_text][\/vc_column][\/vc_row][vc_row css_animation=&#8221;&#8221; row_type=&#8221;row&#8221; use_row_as_full_screen_section=&#8221;no&#8221; type=&#8221;full_width&#8221; angled_section=&#8221;no&#8221; text_align=&#8221;left&#8221; background_image_as_pattern=&#8221;without_pattern&#8221;][vc_column]<div class=\"templatera_shortcode\"><div      class=\"vc_row wpb_row section vc_row-fluid  grid_section\" style=' padding-bottom:60px; text-align:center;'><div class=\" section_inner clearfix\"><div class='section_inner_margin clearfix'><div class=\"wpb_column vc_column_container vc_col-sm-12\"><div class=\"vc_column-inner\"><div class=\"wpb_wrapper\"><a  itemprop=\"url\" href=\"\/kanzlei\/tsp-news\/\" target=\"_self\"  class=\"qbutton  center default\" style=\"\">Alle News<\/a><\/div><\/div><\/div><\/div><\/div><\/div><\/div>[\/vc_column][\/vc_row]<\/p>\n<\/div>","protected":false},"excerpt":{"rendered":"<p>Nachdem das Bundeskabinett am 24. Juni 2025 ein Sonderverm\u00f6gen von \u00fcber 500 Milliarden Euro f\u00fcr zus\u00e4tzliche kreditfinanzierte Investitionen in die Infrastruktur und zur Erreichung der Klimaneutralit\u00e4t bis zum Jahr 2045 beschlossen hatte, verabschiedete der Bundestag nun am 18. September 2025 das entsprechende Gesetz. <\/p>\n","protected":false},"author":544,"featured_media":2936,"comment_status":"closed","ping_status":"open","sticky":false,"template":"","format":"standard","meta":{"_acf_changed":false,"footnotes":""},"categories":[68],"tags":[],"sp_smart_badges":[],"class_list":["post-4471","post","type-post","status-publish","format-standard","has-post-thumbnail","hentry","category-news-en"],"acf":[],"_links":{"self":[{"href":"https:\/\/www.ts-law.de\/en\/wp-json\/wp\/v2\/posts\/4471","targetHints":{"allow":["GET"]}}],"collection":[{"href":"https:\/\/www.ts-law.de\/en\/wp-json\/wp\/v2\/posts"}],"about":[{"href":"https:\/\/www.ts-law.de\/en\/wp-json\/wp\/v2\/types\/post"}],"author":[{"embeddable":true,"href":"https:\/\/www.ts-law.de\/en\/wp-json\/wp\/v2\/users\/544"}],"replies":[{"embeddable":true,"href":"https:\/\/www.ts-law.de\/en\/wp-json\/wp\/v2\/comments?post=4471"}],"version-history":[{"count":0,"href":"https:\/\/www.ts-law.de\/en\/wp-json\/wp\/v2\/posts\/4471\/revisions"}],"wp:featuredmedia":[{"embeddable":true,"href":"https:\/\/www.ts-law.de\/en\/wp-json\/wp\/v2\/media\/2936"}],"wp:attachment":[{"href":"https:\/\/www.ts-law.de\/en\/wp-json\/wp\/v2\/media?parent=4471"}],"wp:term":[{"taxonomy":"category","embeddable":true,"href":"https:\/\/www.ts-law.de\/en\/wp-json\/wp\/v2\/categories?post=4471"},{"taxonomy":"post_tag","embeddable":true,"href":"https:\/\/www.ts-law.de\/en\/wp-json\/wp\/v2\/tags?post=4471"},{"taxonomy":"sp_smart_badges","embeddable":true,"href":"https:\/\/www.ts-law.de\/en\/wp-json\/wp\/v2\/sp_smart_badges?post=4471"}],"curies":[{"name":"wp","href":"https:\/\/api.w.org\/{rel}","templated":true}]}}